{"id":2275,"date":"2020-06-19T13:18:04","date_gmt":"2020-06-19T13:18:04","guid":{"rendered":"https:\/\/host9.nstrefa.pl\/brandosul\/?p=2275"},"modified":"2023-02-05T07:10:55","modified_gmt":"2023-02-05T07:10:55","slug":"4-bezplatne-webinary-w-prezencie-zarzadzaj-swoja-marka-efektywnie","status":"publish","type":"post","link":"https:\/\/brandsoul.pl\/en\/o-nas\/newsy\/4-bezplatne-webinary-w-prezencie-zarzadzaj-swoja-marka-efektywnie\/","title":{"rendered":"4 BEZP\u0141ATNE WEBINARY W PREZENCIE &#8211; ZARZ\u0104DZAJ SWOJ\u0104 MARK\u0104 EFEKTYWNIE"},"content":{"rendered":"<h3><strong>ZARZ\u0104DZAJ SWOJ\u0104 MARK\u0104 EFEKTYWNIE I KREATYWNIE.<\/strong><\/h3>\n<h3><strong>TERMINARZ:<\/strong><\/h3>\n<p>-&gt;\u00a0<strong>3 GRUDNIA 2018 r<\/strong>. \u2013 Mam pomys\u0142, ale nie wiem czy warto go zrealizowa\u0107 lub jak go zrealizowa\u0107. Od czego zacz\u0105\u0107? Stw\u00f3rz Plan dzia\u0142ania! Poznaj swoje mo\u017cliwo\u015bci.<br \/>\n-&gt;\u00a0<strong>8 STYCZNIA\u00a0 2019<\/strong>\u00a0r.\u2013 Plan marketingowy \u2013 zacznijmy od podstawa, zaplanuj dzia\u0142ania marketingowe w firmie, wspieraj\u0105c sprzeda\u017c.<br \/>\n-&gt;\u00a0<strong>7 LUTEGO 2019 r<\/strong>. \u2013 Media spo\u0142eczno\u015bciowe, kt\u00f3re najlepsze dla mojej marki.<br \/>\n-&gt;\u00a0<strong>6 MARCA 2019 r.<\/strong>\u00a0\u2013 Rozwijaj biznes efektywnie, odpowiadamy na pytania dotycz\u0105ce marketingu i sprzeda\u017cy uczestnik\u00f3w!<\/p>\n<p><strong>LICZBA MIEJSC OGRANICZONA. ZAPISY DO 30.11.2018<\/strong><br \/>\n<strong>MIEJSCE<\/strong>\u00a0\u2013 ON-LINE?<br \/>\n<strong>GODZINA<\/strong>: 18:00<br \/>\n<strong>CZAS TRWANIA<\/strong>\u00a0: 45 MINUT<br \/>\n<strong>ILO\u015a\u0106 UCZESTNIK\u00d3W<\/strong>: 20 OS\u00d3B.<br \/>\n<strong>ZAPISY<\/strong>\u00a0:\u00a0<a href=\"mailto:aga@brandsoul.pl\">aga@brandsoul.pl<\/a><br \/>\n<strong>PROWADZ\u0104CA<\/strong>: Agnieszka \u015aliwka<\/p>\n<p><strong>REGULAMIN:<\/strong><\/p>\n<ol>\n<li>Webinary organizowane s\u0105 przez Studio Marki Brandsoul sp.zo.o, zwanego organizatorem.<\/li>\n<li>Uczestnikami webinar\u00f3w mog\u0105 by\u0107 wy\u0142\u0105cznie w\u0142a\u015bciciele i pracownicy mikro, ma\u0142ych lub \u015brednich firm, kt\u00f3rzy nie wykonuj\u0105 dzia\u0142alno\u015bci konkurencyjnej do organizatora.<\/li>\n<li>Uczestnik webinar\u00f3w jest zoobowi\u0105zany poda\u0107 nazw\u0119 firmy, w ramach, kt\u00f3rej chce uczestniczy\u0107 w projekcie.<\/li>\n<li>Ka\u017cdy uczestnik projektu po akceptacji uczestnictwa otrzyma do wype\u0142niania formularz, w kt\u00f3rym b\u0119dzie tak\u017ce poinformowany o przetwarzaniu danych osobowych i b\u0119dzie m\u00f3g\u0142 zadecydowa\u0107 o jego akceptacji i tym samym udzia\u0142u w projekcie.<\/li>\n<li>Uczestnik musi zdecydowa\u0107 si\u0119 na wszytskie 4 webinary, nie wybrane z nich.<\/li>\n<li>Uczestnik otrzyma za\u015bwiadczenie o uko\u0144czeniu webinar\u00f3w, w przypadku, gdy b\u0119dzie uczestniczy\u0142 we wszystkich 4 webinarach.<\/li>\n<li>Je\u015bli uczestnik nie b\u0119dzie m\u00f3g\u0142 uczestniczy\u0107 w webinarium powinien powinformowa\u0107 o tym organizatora.<\/li>\n<li>Udzia\u0142 w webinariach jest bezp\u0142atny. Warunkiem jest wy\u0142\u0105cznie wype\u0142nienie formularza\u00a0 apikujacego na webinaria.<\/li>\n<li>W webinarach mog\u0119 bra\u0107 udzia\u0142 wy\u0142\u0105cznie osoby pe\u0142noletnie.<\/li>\n<li>Webinaria b\u0119d\u0105 odbywa\u0107 si\u0119 na platformie clickmeeting.<\/li>\n<li>Uczestnik jest zoobowi\u0105\u017cany do zapewnienia sobie dost\u0119pu do komputera i Internetu na czas trwania webinarium.<\/li>\n<li>Terminy webinar\u00f3w ustalone s\u0105 z g\u00f3ry : 3.12.2018, 08.01.2019, 07.02.2019,06.03.2019, o ustalonej godznie 18:00<\/li>\n<li>Maksymalna ilo\u015b\u0107 uczestnik\u00f3w to 20 os\u00f3b.<\/li>\n<li>Organizator mo\u017ce zmieni\u0107 termin webinarium bez podania przyczyny,o czym musi poinformowa\u0107 uczestnik\u00f3w drog\u0105 e-mailow\u0105 conajmniej 12 h przed rozpocz\u0119ciem webinarium.<\/li>\n<\/ol>","protected":false},"excerpt":{"rendered":"<p>ZARZ\u0104DZAJ SWOJ\u0104 MARK\u0104 EFEKTYWNIE I KREATYWNIE. TERMINARZ: -&gt;\u00a03 GRUDNIA 2018 r. \u2013 Mam pomys\u0142, ale nie wiem czy warto go zrealizowa\u0107 lub jak go zrealizowa\u0107. Od czego zacz\u0105\u0107? Stw\u00f3rz Plan dzia\u0142ania! Poznaj swoje mo\u017cliwo\u015bci. -&gt;\u00a08 STYCZNIA\u00a0 2019\u00a0r.\u2013 Plan marketingowy \u2013 zacznijmy od podstawa, zaplanuj dzia\u0142ania marketingowe w firmie, wspieraj\u0105c sprzeda\u017c. [&hellip;]<\/p>","protected":false},"author":3,"featured_media":0,"comment_status":"open","ping_status":"open","sticky":false,"template":"","format":"standard","meta":{"_themeisle_gutenberg_block_has_review":false,"footnotes":""},"categories":[92,3],"tags":[],"class_list":["post-2275","post","type-post","status-publish","format-standard","hentry","category-wydarzenia","category-newsy"],"aioseo_notices":[],"_links":{"self":[{"href":"https:\/\/brandsoul.pl\/en\/wp-json\/wp\/v2\/posts\/2275","targetHints":{"allow":["GET"]}}],"collection":[{"href":"https:\/\/brandsoul.pl\/en\/wp-json\/wp\/v2\/posts"}],"about":[{"href":"https:\/\/brandsoul.pl\/en\/wp-json\/wp\/v2\/types\/post"}],"author":[{"embeddable":true,"href":"https:\/\/brandsoul.pl\/en\/wp-json\/wp\/v2\/users\/3"}],"replies":[{"embeddable":true,"href":"https:\/\/brandsoul.pl\/en\/wp-json\/wp\/v2\/comments?post=2275"}],"version-history":[{"count":1,"href":"https:\/\/brandsoul.pl\/en\/wp-json\/wp\/v2\/posts\/2275\/revisions"}],"predecessor-version":[{"id":2276,"href":"https:\/\/brandsoul.pl\/en\/wp-json\/wp\/v2\/posts\/2275\/revisions\/2276"}],"wp:attachment":[{"href":"https:\/\/brandsoul.pl\/en\/wp-json\/wp\/v2\/media?parent=2275"}],"wp:term":[{"taxonomy":"category","embeddable":true,"href":"https:\/\/brandsoul.pl\/en\/wp-json\/wp\/v2\/categories?post=2275"},{"taxonomy":"post_tag","embeddable":true,"href":"https:\/\/brandsoul.pl\/en\/wp-json\/wp\/v2\/tags?post=2275"}],"curies":[{"name":"wp","href":"https:\/\/api.w.org\/{rel}","templated":true}]}}