{"id":2309,"date":"2020-06-19T13:44:02","date_gmt":"2020-06-19T13:44:02","guid":{"rendered":"https:\/\/host9.nstrefa.pl\/brandosul\/?p=2309"},"modified":"2023-02-05T07:04:53","modified_gmt":"2023-02-05T07:04:53","slug":"strategia-dzialan-w-mediach-spolecznosciowych-w-atrakcyjnej-cenie","status":"publish","type":"post","link":"https:\/\/brandsoul.pl\/en\/o-nas\/newsy\/strategia-dzialan-w-mediach-spolecznosciowych-w-atrakcyjnej-cenie\/","title":{"rendered":"STRATEGIA DZIA\u0141A\u0143 W MEDIACH SPO\u0141ECZNO\u015aCIOWYCH W ATRAKCYJNEJ CENIE."},"content":{"rendered":"<div class=\"itemIntroText\">\n<p>Strategia dzia\u0142a\u0144 w mediach spo\u0142eczno\u015bciowych to podstawa efektywno\u015bci. Niestety nie jest ona standardem rozpoczynaj\u0105cym promocje firmy za po\u015brednictwem tego narz\u0119dzia. Przed przyst\u0105pieniem do d\u0142ugofalowych dzia\u0142a\u0144 w mediach spo\u0142eczno\u015bciowych warto opracowa\u0107 strategi\u0119, kt\u00f3ra pozwoli efektywnie nimi zarz\u0105dza\u0107. Zak\u0142ada ona cele d\u0142ugofalowe oraz te kr\u00f3tkoterminowe, planowane z tygodnia na tydzie\u0144.<\/p>\n<\/div>\n<div class=\"itemFullText\">\n<h3><strong>Z czego sk\u0142ada si\u0119 strategia medi\u00f3w spo\u0142eczno\u015bciowych?<\/strong><\/h3>\n<ul>\n<li>cel\u00f3w, dla poszczeg\u00f3lnych medi\u00f3w, czyli osobno dla Facebook&#8217;a, Instagrama itp.,\u00a0 z zaznaczeniem jakie media spo\u0142eczno\u015bciowe warto prowadzi\u0107 dla konkretnej firmy, w konkretnej bran\u017cy,<\/li>\n<li>dzia\u0142a\u0144 strategicznych jakie chcemy realizowa\u0107 za po\u015brednictwem medi\u00f3w spo\u0142eczno\u015bciowych,<\/li>\n<li>definicji i opisaniu targetu &#8211; czyli do kogo chcemy dociera\u0107 za po\u015brednictwem medi\u00f3w spo\u0142eczno\u015bciowych,<\/li>\n<li>standard\u00f3w post\u00f3w &#8211; czyli jakiego rodzaju posty\/ komunikaty b\u0119dziemy publikowa\u0107 w czasie tygodnia,<\/li>\n<li>standard\u00f3w graficznych &#8211; czyli jak b\u0119dziemy obrazowa\u0107 komunikat przekazywany za po\u015brednictwem medi\u00f3w spo\u0142eczno\u015bciowych,<\/li>\n<li>KPI &#8211; czyli wska\u017anik\u00f3w efektywno\u015bci jakie zak\u0142adamy, kt\u00f3re chcemy osi\u0105gn\u0105\u0107 np. ilo\u015b\u0107 polubie\u0144 w ci\u0105gu miesi\u0105ca itp.<\/li>\n<li>standaryzacji komunikacji z klientem za po\u015brednictwem social media (wiadomo\u015bci automatyczne, komunikacja Messenger),<\/li>\n<li>analizy konkurencji w mediach spo\u0142eczno\u015bciowych,<\/li>\n<li>narz\u0119dzi rekomendowanych, dost\u0119pnych w mediach spo\u0142eczno\u015bciowych,<\/li>\n<li>rekomendacji dzia\u0142a\u0144 promocyjnych.<\/li>\n<\/ul>\n<h3><strong><br \/>\nCele d\u0142ugoterminowe to jakie?<\/strong><\/h3>\n<ol>\n<li>zak\u0142adaj\u0105 one budowanie marki w d\u0142u\u017cszym okresie czasu,<\/li>\n<li>definiuj\u0105 konkretne rezultaty jakie chcemy osi\u0105gn\u0105\u0107 np. po roku dzia\u0142a\u0144 w mediach spo\u0142eczno\u015bciowych,<\/li>\n<li>s\u0105 sp\u00f3jne ze strategi\u0105 marketingow\u0105 firmy,<\/li>\n<li>okre\u015blaj\u0105 dzia\u0142ania og\u00f3lne, kluczowe, strategiczne promocji firmy w Internecie.<\/li>\n<\/ol>\n<h3><strong><br \/>\nCele kr\u00f3tkoterminowe promocji w mediach spo\u0142eczno\u015bciowych to jakie?<\/strong><\/h3>\n<ul>\n<li>dotycz\u0105ce konkretnych produkt\u00f3w\/us\u0142ug,<\/li>\n<li>realizowane w celu promocji okoliczno\u015bciowo jakie\u015b wydarzenia czy te\u017c produktu\/us\u0142ugi,<\/li>\n<li>wynikaj\u0105ce z bie\u017c\u0105cego funkcjonowania firmy.<\/li>\n<\/ul>\n<p>&nbsp;<\/p>\n<h3><strong>W jakiej formie otrzymujesz strategi\u0119?<\/strong><\/h3>\n<ul>\n<li>jest to opracowanie z opisaniem poszczeg\u00f3lnych element\u00f3w strategii, wytycznych do dzia\u0142ania i rekomendacji.<\/li>\n<\/ul>\n<p><strong>\u00a0<\/strong><\/p>\n<h3><strong>Jaki jest koszt opracowania strategii marketingowej w mediach spo\u0142eczno\u015bciowych?<\/strong><\/h3>\n<p>Standardowo &#8211; 799 z\u0142 netto, aktualna\u00a0<strong>CENA SPECJALNA 519 z\u0142 netto.<\/strong><\/p>\n<p>Oferta dotyczy tylko ma\u0142ych i \u015brednich firm (zatrudniaj\u0105cych do 50 pracownik\u00f3w).<\/p>\n<p>&#8212;&#8212;&#8212;&#8212;&#8212;&#8212;&#8212;&#8212;&#8212;&#8212;&#8212;&#8212;&#8211;<\/p>\n<p><strong>Zapraszamy do kontaktu:<\/strong><\/p>\n<p><a href=\"mailto:info@brandsoul.pl\">info@brandsoul.pl<\/a><\/p>\n<p>kom: +48 668 130 202<\/p>\n<p><strong>Je\u015bli jeste\u015b zainteresowany ofert\u0105 prowadzenia medi\u00f3w spo\u0142eczno\u015bciowych, skontaktuj si\u0119 z nami, przygotujemy j\u0105 dla Ciebie.<\/strong><\/p>\n<\/div>","protected":false},"excerpt":{"rendered":"<p>Strategia dzia\u0142a\u0144 w mediach spo\u0142eczno\u015bciowych to podstawa efektywno\u015bci. Niestety nie jest ona standardem rozpoczynaj\u0105cym promocje firmy za po\u015brednictwem tego narz\u0119dzia. Przed przyst\u0105pieniem do d\u0142ugofalowych dzia\u0142a\u0144 w mediach spo\u0142eczno\u015bciowych warto opracowa\u0107 strategi\u0119, kt\u00f3ra pozwoli efektywnie nimi zarz\u0105dza\u0107. Zak\u0142ada ona cele d\u0142ugofalowe oraz te kr\u00f3tkoterminowe, planowane z tygodnia na tydzie\u0144. Z czego [&hellip;]<\/p>","protected":false},"author":3,"featured_media":3614,"comment_status":"closed","ping_status":"closed","sticky":false,"template":"","format":"standard","meta":{"_themeisle_gutenberg_block_has_review":false,"footnotes":""},"categories":[90,3],"tags":[],"class_list":["post-2309","post","type-post","status-publish","format-standard","has-post-thumbnail","hentry","category-brandsoul","category-newsy"],"aioseo_notices":[],"_links":{"self":[{"href":"https:\/\/brandsoul.pl\/en\/wp-json\/wp\/v2\/posts\/2309","targetHints":{"allow":["GET"]}}],"collection":[{"href":"https:\/\/brandsoul.pl\/en\/wp-json\/wp\/v2\/posts"}],"about":[{"href":"https:\/\/brandsoul.pl\/en\/wp-json\/wp\/v2\/types\/post"}],"author":[{"embeddable":true,"href":"https:\/\/brandsoul.pl\/en\/wp-json\/wp\/v2\/users\/3"}],"replies":[{"embeddable":true,"href":"https:\/\/brandsoul.pl\/en\/wp-json\/wp\/v2\/comments?post=2309"}],"version-history":[{"count":1,"href":"https:\/\/brandsoul.pl\/en\/wp-json\/wp\/v2\/posts\/2309\/revisions"}],"predecessor-version":[{"id":2310,"href":"https:\/\/brandsoul.pl\/en\/wp-json\/wp\/v2\/posts\/2309\/revisions\/2310"}],"wp:featuredmedia":[{"embeddable":true,"href":"https:\/\/brandsoul.pl\/en\/wp-json\/wp\/v2\/media\/3614"}],"wp:attachment":[{"href":"https:\/\/brandsoul.pl\/en\/wp-json\/wp\/v2\/media?parent=2309"}],"wp:term":[{"taxonomy":"category","embeddable":true,"href":"https:\/\/brandsoul.pl\/en\/wp-json\/wp\/v2\/categories?post=2309"},{"taxonomy":"post_tag","embeddable":true,"href":"https:\/\/brandsoul.pl\/en\/wp-json\/wp\/v2\/tags?post=2309"}],"curies":[{"name":"wp","href":"https:\/\/api.w.org\/{rel}","templated":true}]}}