{"id":2331,"date":"2020-06-19T14:06:16","date_gmt":"2020-06-19T14:06:16","guid":{"rendered":"https:\/\/host9.nstrefa.pl\/brandosul\/?p=2331"},"modified":"2023-02-05T07:00:12","modified_gmt":"2023-02-05T07:00:12","slug":"miedzynarodowy-kongres-kobiet-na-podkarpaciu-juz-w-pazdzierniku","status":"publish","type":"post","link":"https:\/\/brandsoul.pl\/en\/o-nas\/newsy\/miedzynarodowy-kongres-kobiet-na-podkarpaciu-juz-w-pazdzierniku\/","title":{"rendered":"MI\u0118DZYNARODOWY KONGRES KOBIET NA PODKARPACIU JU\u017b W PA\u0179DZIERNIKU!"},"content":{"rendered":"<p><strong>Agencja Wydawniczo-Promocyjna I.D.MEDIA wraz z firm\u0105 NADA MEDIA<\/strong>\u00a0zapraszaj\u0105 na pe\u0142en inspiracji I MI\u0118DZYNARODOWY KONGRES KOBIET NA PODKARPACIU, kt\u00f3ry odb\u0119dzie si\u0119 17 pa\u017adziernika w presti\u017cowym hotelu Prezydenckim w Rzeszowie.<br \/>\nKongres skierowany jest do kobiet 30+, zainteresowanych rozwojem i skuteczno\u015bci\u0105 biznesow\u0105. Pragn\u0105cych zdoby\u0107 now\u0105 wiedz\u0119, praktyczne umiej\u0119tno\u015bci i nowe kontakty. Organizatorzy pragn\u0105 zgromadzi\u0107 wok\u00f3\u0142 Kongresu panie, kt\u00f3re chc\u0105 pozna\u0107 tajniki budowania w\u0142asnej marki, chc\u0105 dowiedzie\u0107 si\u0119, jak radzi\u0107 sobie ze stresem podczas publicznych wyst\u0105pie\u0144, a tak\u017ce zrozumie\u0107, jak wa\u017cna w budowaniu w\u0142asnej kariery zawodowej jest wsp\u00f3\u0142praca z mediami. Prelegenci odpowiedz\u0105 na pytania, jak budowa\u0107 skuteczny PR w\u0142asnej firmy, a tak\u017ce jak\u0105 rol\u0119 odgrywa nasz m\u00f3zg w drodze do sukcesu!<br \/>\nW\u015br\u00f3d fantastycznych prelegent\u00f3w, kt\u00f3rzy z pewno\u015bci\u0105 zainspiruj\u0105 uczestniczki do zmiany swojego \u017cycia, znajduj\u0105 si\u0119 znani i cenieni trenerzy komunikacji biznesowej, eksperci z zakresu budowania kariery, coachowie, a tak\u017ce osoby z pierwszych stron gazet: ANDRZEJ SO\u0141TYSIK, JOANNA JAB\u0141CZY\u0143SKA, KRYSTYNA MAZUR\u00d3WNA, ANETA TODORCZUK-PERCHU\u0106, RYSZARD REMBISZEWSKI.<br \/>\nKongres ma rang\u0119 mi\u0119dzynarodow\u0105. W\u015br\u00f3d wyst\u0119puj\u0105cych go\u015bci pojawi\u0105 si\u0119 kobiety biznesu m.in. z Rosji, Ukrainy i Litwy.<br \/>\n&#8211; Dostrzegaj\u0105c ogromny potencja\u0142 Podkarpacia, pragniemy skupi\u0107 w jednym miejscu wspania\u0142e kobiety, kt\u00f3re chc\u0105 rozwin\u0105\u0107 swoje skrzyd\u0142a, wej\u015b\u0107 w interakcj\u0119 z liderkami biznesu, wymieni\u0107 si\u0119 swoimi do\u015bwiadczeniami i zainspirowa\u0107 inne osoby do zmian. Chcemy pokaza\u0107, \u017ce pora\u017cki zar\u00f3wno w biznesie, jak i w naszym \u017cyciu osobistym s\u0105 znacz\u0105cymi punktami zwrotnymi, dzi\u0119ki kt\u00f3rym odkrywamy nowe warto\u015bci, kt\u00f3rym warto si\u0119 po\u015bwi\u0119ci\u0107. Celem naszego Kongresu jest podkre\u015blenie wysokiego poziomu przedsi\u0119biorczo\u015bci kobiet biznesu z Podkarpacia. Pokaza\u0107, \u017ce r\u00f3wnie\u017c w Polsce po\u0142udniowo-wschodniej mo\u017cna z sukcesem prowadzi\u0107 swoje firmy.\u00a0 \u2013 wyja\u015bnia Ilona Adamska, pomys\u0142odawczyni Kongresu.<br \/>\nOrganizatorki wydarzenia chc\u0105, aby kongres wpisa\u0142 si\u0119 na sta\u0142e w kalendarz imprez na Podkarpaciu. By\u0142 miejscem, kt\u00f3re wspiera i integruje \u015brodowisko kobiet przedsi\u0119biorczych z ca\u0142ego wojew\u00f3dztwa. Ale nie tylko, bowiem pa\u017adziernikowe wydarzenie adresowane jest do pa\u0144 z ca\u0142ej Polski.<br \/>\n<strong>Kongres po\u0142\u0105czony b\u0119dzie z targami, podczas kt\u00f3rych wyselekcjonowane firmy zaprezentuj\u0105 swoje produkty i us\u0142ugi.<\/strong>\u00a0To doskona\u0142a mo\u017cliwo\u015b\u0107 nawi\u0105zania nowych kontakt\u00f3w biznesowych i pozyskania sta\u0142ych klientek.<br \/>\nNa zako\u0144czenie wydarzenia \u2013 pokaz mody po\u0142\u0105czony z bankietem, doskona\u0142\u0105 muzyk\u0105 i lampk\u0105 wybornego szampana.<br \/>\n<strong>BILETY W SYMBOLICZNEJ CENIE 25Z\u0141 DO NABYCIA NA WWW.KONGRESYKOBIET.PL<\/strong><br \/>\nWi\u0119cej na:\u00a0<a href=\"https:\/\/www.facebook.com\/pages\/Mi%C4%99dzynarodowy-Kongres-Kobiet-Rzesz%C3%B3w\/529034270578243?fref=ts\">https:\/\/www.facebook.com\/pages\/Mi%C4%99dzynarodowy-Kongres-Kobiet-Rzesz%C3%B3w\/529034270578243?fref=ts<\/a><\/p>","protected":false},"excerpt":{"rendered":"<p>Agencja Wydawniczo-Promocyjna I.D.MEDIA wraz z firm\u0105 NADA MEDIA\u00a0zapraszaj\u0105 na pe\u0142en inspiracji I MI\u0118DZYNARODOWY KONGRES KOBIET NA PODKARPACIU, kt\u00f3ry odb\u0119dzie si\u0119 17 pa\u017adziernika w presti\u017cowym hotelu Prezydenckim w Rzeszowie. Kongres skierowany jest do kobiet 30+, zainteresowanych rozwojem i skuteczno\u015bci\u0105 biznesow\u0105. Pragn\u0105cych zdoby\u0107 now\u0105 wiedz\u0119, praktyczne umiej\u0119tno\u015bci i nowe kontakty. Organizatorzy pragn\u0105 [&hellip;]<\/p>","protected":false},"author":3,"featured_media":0,"comment_status":"open","ping_status":"open","sticky":false,"template":"","format":"standard","meta":{"_themeisle_gutenberg_block_has_review":false,"footnotes":""},"categories":[108,3],"tags":[],"class_list":["post-2331","post","type-post","status-publish","format-standard","hentry","category-biznes","category-newsy"],"aioseo_notices":[],"_links":{"self":[{"href":"https:\/\/brandsoul.pl\/en\/wp-json\/wp\/v2\/posts\/2331","targetHints":{"allow":["GET"]}}],"collection":[{"href":"https:\/\/brandsoul.pl\/en\/wp-json\/wp\/v2\/posts"}],"about":[{"href":"https:\/\/brandsoul.pl\/en\/wp-json\/wp\/v2\/types\/post"}],"author":[{"embeddable":true,"href":"https:\/\/brandsoul.pl\/en\/wp-json\/wp\/v2\/users\/3"}],"replies":[{"embeddable":true,"href":"https:\/\/brandsoul.pl\/en\/wp-json\/wp\/v2\/comments?post=2331"}],"version-history":[{"count":1,"href":"https:\/\/brandsoul.pl\/en\/wp-json\/wp\/v2\/posts\/2331\/revisions"}],"predecessor-version":[{"id":2332,"href":"https:\/\/brandsoul.pl\/en\/wp-json\/wp\/v2\/posts\/2331\/revisions\/2332"}],"wp:attachment":[{"href":"https:\/\/brandsoul.pl\/en\/wp-json\/wp\/v2\/media?parent=2331"}],"wp:term":[{"taxonomy":"category","embeddable":true,"href":"https:\/\/brandsoul.pl\/en\/wp-json\/wp\/v2\/categories?post=2331"},{"taxonomy":"post_tag","embeddable":true,"href":"https:\/\/brandsoul.pl\/en\/wp-json\/wp\/v2\/tags?post=2331"}],"curies":[{"name":"wp","href":"https:\/\/api.w.org\/{rel}","templated":true}]}}