{"id":3688,"date":"2020-11-09T14:44:25","date_gmt":"2020-11-09T14:44:25","guid":{"rendered":"https:\/\/brandsoul.pl\/?p=3688"},"modified":"2023-01-13T09:36:45","modified_gmt":"2023-01-13T09:36:45","slug":"marka-sukesu","status":"publish","type":"post","link":"https:\/\/brandsoul.pl\/en\/nasze-marki\/marka-sukesu\/","title":{"rendered":"MARKA SUKESU"},"content":{"rendered":"<p><strong><img loading=\"lazy\" decoding=\"async\" class=\"wp-image-4489 alignleft\" src=\"https:\/\/brandsoul.pl\/wp-content\/uploads\/2020\/11\/logo_fb_marka_sukcesu_01_male-300x300.png\" alt=\"\" width=\"231\" height=\"231\" srcset=\"https:\/\/brandsoul.pl\/wp-content\/uploads\/2020\/11\/logo_fb_marka_sukcesu_01_male-300x300.png 300w, https:\/\/brandsoul.pl\/wp-content\/uploads\/2020\/11\/logo_fb_marka_sukcesu_01_male-150x150.png 150w, https:\/\/brandsoul.pl\/wp-content\/uploads\/2020\/11\/logo_fb_marka_sukcesu_01_male.png 400w\" sizes=\"auto, (max-width: 231px) 100vw, 231px\" \/>Program wsparcia w rozwoju ma\u0142ych i \u015brednich firm.<\/strong> Za\u0142o\u017ceniem projektu jest opracowanie, na podstawie rozm\u00f3w z Klientem wst\u0119pnego planu rozwoju i jego realizacja. Cele dzia\u0142ania mog\u0105 by\u0107 r\u00f3\u017cne, w zale\u017cno\u015bci od potrzeb firmy. Podstaw\u0105 jest dobry plan, kt\u00f3ry zak\u0142ada kompleksowe podej\u015bcie do zarz\u0105dzania firm\u0105. Pierwsze, niezobowi\u0105zuj\u0105ce spotkanie nie wi\u0105\u017ce si\u0119 z \u017cadnymi kosztami. Tak jak i opracowanie wst\u0119pnego planu dzia\u0142a\u0144 (tylko dla firm, kt\u00f3re maj\u0105 faktyczn\u0105 potrzeb\u0119 i wykazuj\u0105 zaanga\u017cowanie). Pierwsza edycja by\u0142a w 2013 roku.<\/p>\n<p><strong>Nowa edycja w przygotowaniu.<br \/>\n<\/strong><\/p>\n<p><strong>Zapraszamy na stron\u0119<\/strong> <a href=\"http:\/\/www.markasukcesu.pl\">www.markasukcesu.pl<\/a><\/p>","protected":false},"excerpt":{"rendered":"<p>Program wsparcia w rozwoju ma\u0142ych i \u015brednich firm. Za\u0142o\u017ceniem projektu jest opracowanie, na podstawie rozm\u00f3w z Klientem wst\u0119pnego planu rozwoju i jego realizacja. Cele dzia\u0142ania mog\u0105 by\u0107 r\u00f3\u017cne, w zale\u017cno\u015bci od potrzeb firmy. Podstaw\u0105 jest dobry plan, kt\u00f3ry zak\u0142ada kompleksowe podej\u015bcie do zarz\u0105dzania firm\u0105. Pierwsze, niezobowi\u0105zuj\u0105ce spotkanie nie wi\u0105\u017ce si\u0119 [&hellip;]<\/p>","protected":false},"author":3,"featured_media":10733,"comment_status":"closed","ping_status":"closed","sticky":false,"template":"","format":"standard","meta":{"_themeisle_gutenberg_block_has_review":false,"footnotes":""},"categories":[20],"tags":[],"class_list":["post-3688","post","type-post","status-publish","format-standard","has-post-thumbnail","hentry","category-nasze-marki"],"aioseo_notices":[],"_links":{"self":[{"href":"https:\/\/brandsoul.pl\/en\/wp-json\/wp\/v2\/posts\/3688","targetHints":{"allow":["GET"]}}],"collection":[{"href":"https:\/\/brandsoul.pl\/en\/wp-json\/wp\/v2\/posts"}],"about":[{"href":"https:\/\/brandsoul.pl\/en\/wp-json\/wp\/v2\/types\/post"}],"author":[{"embeddable":true,"href":"https:\/\/brandsoul.pl\/en\/wp-json\/wp\/v2\/users\/3"}],"replies":[{"embeddable":true,"href":"https:\/\/brandsoul.pl\/en\/wp-json\/wp\/v2\/comments?post=3688"}],"version-history":[{"count":3,"href":"https:\/\/brandsoul.pl\/en\/wp-json\/wp\/v2\/posts\/3688\/revisions"}],"predecessor-version":[{"id":10550,"href":"https:\/\/brandsoul.pl\/en\/wp-json\/wp\/v2\/posts\/3688\/revisions\/10550"}],"wp:featuredmedia":[{"embeddable":true,"href":"https:\/\/brandsoul.pl\/en\/wp-json\/wp\/v2\/media\/10733"}],"wp:attachment":[{"href":"https:\/\/brandsoul.pl\/en\/wp-json\/wp\/v2\/media?parent=3688"}],"wp:term":[{"taxonomy":"category","embeddable":true,"href":"https:\/\/brandsoul.pl\/en\/wp-json\/wp\/v2\/categories?post=3688"},{"taxonomy":"post_tag","embeddable":true,"href":"https:\/\/brandsoul.pl\/en\/wp-json\/wp\/v2\/tags?post=3688"}],"curies":[{"name":"wp","href":"https:\/\/api.w.org\/{rel}","templated":true}]}}