{"id":4880,"date":"2022-04-04T17:01:46","date_gmt":"2022-04-04T17:01:46","guid":{"rendered":"https:\/\/brandsoul.pl\/?p=4880"},"modified":"2023-02-04T20:00:26","modified_gmt":"2023-02-04T20:00:26","slug":"czy-warto-promowac-firme-na-facebooku","status":"publish","type":"post","link":"https:\/\/brandsoul.pl\/en\/o-nas\/blog\/czy-warto-promowac-firme-na-facebooku\/","title":{"rendered":"Czy warto promowa\u0107 firm\u0119 na Facebooku?"},"content":{"rendered":"<p><strong><img loading=\"lazy\" decoding=\"async\" class=\"size-medium wp-image-4881 alignleft\" src=\"https:\/\/brandsoul.pl\/wp-content\/uploads\/2022\/04\/czy-warto-promowac-firme-na-fb-300x300.jpg\" alt=\"\" width=\"300\" height=\"300\" srcset=\"https:\/\/brandsoul.pl\/wp-content\/uploads\/2022\/04\/czy-warto-promowac-firme-na-fb-300x300.jpg 300w, https:\/\/brandsoul.pl\/wp-content\/uploads\/2022\/04\/czy-warto-promowac-firme-na-fb-1024x1024.jpg 1024w, https:\/\/brandsoul.pl\/wp-content\/uploads\/2022\/04\/czy-warto-promowac-firme-na-fb-150x150.jpg 150w, https:\/\/brandsoul.pl\/wp-content\/uploads\/2022\/04\/czy-warto-promowac-firme-na-fb-768x768.jpg 768w, https:\/\/brandsoul.pl\/wp-content\/uploads\/2022\/04\/czy-warto-promowac-firme-na-fb-600x600.jpg 600w, https:\/\/brandsoul.pl\/wp-content\/uploads\/2022\/04\/czy-warto-promowac-firme-na-fb.jpg 1080w\" sizes=\"auto, (max-width: 300px) 100vw, 300px\" \/>To pytanie, na kt\u00f3re odpowiedzi szuka wielu przedsi\u0119biorc\u00f3w, szczeg\u00f3lnie tych dzia\u0142aj\u0105cych w jakim\u015b stopniu w mediach spo\u0142eczno\u015bciowych. Wiele os\u00f3b powtarza, \u017ce z Facebooka korzysta coraz mniej os\u00f3b. Czy taka jest prawda?<\/strong><\/p>\n<p><strong>\u00a0<\/strong><\/p>\n<p>Facebook to jedno z najwi\u0119kszych medi\u00f3w spo\u0142eczno\u015bciowych. Niegdy\u015b najbardziej popularnie z nich, dzi\u015b jednak wyprzedzane powoli przez Instagrama czy TikToka. Czy nadal warto promowa\u0107 swoj\u0105 firm\u0119 na Facebooku?<\/p>\n<p>Prawd\u0105 jest, \u017ce m\u0142odzi ludzi powoli przestaj\u0105 korzysta\u0107 z Facebooka (nie w\u0142\u0105czaj\u0105c w to Messengera, czyli aplikacji s\u0142u\u017c\u0105cej do komunikowania si\u0119 z innymi). Medium to jednak wcale nie traci na swojej popularno\u015bci. Zmienia si\u0119 grupa wiekowa jego u\u017cytkownik\u00f3w, jednak dla wielu firm jest to nadal \u015bwietna okazja do wypromowania swojej dzia\u0142alno\u015bci. W jaki spos\u00f3b oceni\u0107 czy reklama na Facebooku przyda si\u0119 Twojemu przedsi\u0119biorstwu?<\/p>\n<p>&nbsp;<\/p>\n<p><strong>JAKIE FIRMY POWINNY PROMOWA\u0106 SI\u0118 NA FACEBOOKU? <\/strong><\/p>\n<p>Zanim zdecydujesz, w jakich mediach spo\u0142eczno\u015bciowych chcesz promowa\u0107 us\u0142ugi swojej firmy, zastan\u00f3w si\u0119 przede wszystkim do kogo chcesz trafi\u0107. Okre\u015blenie potencjalnej grupy docelowej to pierwszy i najwa\u017cniejszy krok w rozpocz\u0119ciu dzia\u0142alno\u015bci marketingowej w social mediach.<\/p>\n<p>Zastan\u00f3w si\u0119 kim jest Tw\u00f3j odbiorca. Ile ma lat? Czym si\u0119 zajmuje? Jak sp\u0119dza sw\u00f3j wolny czas? Stw\u00f3rz tzw. person\u0119, czyli ca\u0142o\u015bciow\u0105 i szczeg\u00f3\u0142ow\u0105 charakterystyk\u0119 swojego potencjalnego klienta. Okre\u015bl jego cechy, oczekiwania i warto\u015bci. W ten spos\u00f3b b\u0119dziesz m\u00f3g\u0142 spersonalizowa\u0107 pod niego swoje dzia\u0142ania i wybra\u0107 odpowiednie medium.<\/p>\n<p>Z Facebooka korzysta\u0107 powinny przede wszystkim firmy, kt\u00f3re swoimi tre\u015bciami chc\u0105 trafi\u0107 do doros\u0142ych os\u00f3b. Zar\u00f3wno tych w przedziale wiekowym 30-45 lat, jak i starszych. W tym medium spo\u0142eczno\u015bciowym warto promowa\u0107 marki, kt\u00f3re trafi\u0107 chc\u0105 do przedsi\u0119biorc\u00f3w, pracownik\u00f3w czy os\u00f3b z okre\u015blonym hobby. To tak\u017ce \u015bwietne miejsce do reklamowania lokalnej firmy.<\/p>\n<p>&nbsp;<\/p>\n<p><strong>JAK WYPROMOWA\u0106 FIRM\u0118 NA FACEBOOKU?<\/strong><\/p>\n<p>W reklamowaniu swojej marki na Facebooku najbardziej licz\u0105 si\u0119: personalizacja i regularno\u015b\u0107. Zadbaj o to, aby udost\u0119pniane przez Ciebie tre\u015bci dostosowane by\u0142y do oczekiwa\u0144 Twoich potencjalnych odbiorc\u00f3w. Zastan\u00f3w si\u0119 co mo\u017ce ich zainteresowa\u0107 i odpowiedzi na jakie pytania by\u0142yby dla nich przydatne.<\/p>\n<p>Pami\u0119taj tak\u017ce o regularno\u015bci. Wa\u017cne, aby Twoje posty pojawia\u0142y si\u0119 przynajmniej co kilka dni. B\u0105d\u017a aktywny! Odpowiadaj na komentarze i wiadomo\u015bci prywatne. W ten spos\u00f3b zbudujesz relacj\u0119 z klientami.<\/p>\n<p>&nbsp;<\/p>\n<p>Oto kilka pozosta\u0142ych zasad, kt\u00f3rych powiniene\u015b przestrzega\u0107:<\/p>\n<ul>\n<li>Stawiaj na jako\u015b\u0107,<\/li>\n<li>Dbaj o poprawno\u015b\u0107 ortograficzn\u0105, interpunkcyjn\u0105 i stylistyczn\u0105,<\/li>\n<li>Nie powtarzaj tre\u015bci udost\u0119pnianej przez konkurencj\u0119,<\/li>\n<li>Odpowiadaj na pytania, kt\u00f3re m\u00f3g\u0142by zada\u0107 potencjalny odbiorca,<\/li>\n<li>Publikuj nie tylko tre\u015bci reklamowe, ale przede wszystkim edukacyjne czy rozrywkowe,<\/li>\n<li>U\u017cywaj hasztag\u00f3w,<\/li>\n<li>Planuj i dzia\u0142aj zgodnie z harmonogramem i okre\u015blon\u0105 strategi\u0105,<\/li>\n<li>Analizuj i monitoruj wyniki.<\/li>\n<\/ul>\n<p>&nbsp;<\/p>\n<p>Facebook, mimo pog\u0142osek, nadal jest \u015bwietnym miejscem na promocj\u0119 swojej firmy. Wykorzystaj jego potencja\u0142 i ciesz si\u0119 wzrostem sprzeda\u017cy w swoim przedsi\u0119biorstwie!<\/p>","protected":false},"excerpt":{"rendered":"<p>To pytanie, na kt\u00f3re odpowiedzi szuka wielu przedsi\u0119biorc\u00f3w, szczeg\u00f3lnie tych dzia\u0142aj\u0105cych w jakim\u015b stopniu w mediach spo\u0142eczno\u015bciowych. Wiele os\u00f3b powtarza, \u017ce z Facebooka korzysta coraz mniej os\u00f3b. Czy taka jest prawda? \u00a0 Facebook to jedno z najwi\u0119kszych medi\u00f3w spo\u0142eczno\u015bciowych. Niegdy\u015b najbardziej popularnie z nich, dzi\u015b jednak wyprzedzane powoli przez Instagrama [&hellip;]<\/p>","protected":false},"author":3,"featured_media":4881,"comment_status":"closed","ping_status":"closed","sticky":false,"template":"","format":"standard","meta":{"_themeisle_gutenberg_block_has_review":false,"footnotes":""},"categories":[96,6],"tags":[],"class_list":["post-4880","post","type-post","status-publish","format-standard","has-post-thumbnail","hentry","category-media-spolecznosciowe","category-blog"],"aioseo_notices":[],"_links":{"self":[{"href":"https:\/\/brandsoul.pl\/en\/wp-json\/wp\/v2\/posts\/4880","targetHints":{"allow":["GET"]}}],"collection":[{"href":"https:\/\/brandsoul.pl\/en\/wp-json\/wp\/v2\/posts"}],"about":[{"href":"https:\/\/brandsoul.pl\/en\/wp-json\/wp\/v2\/types\/post"}],"author":[{"embeddable":true,"href":"https:\/\/brandsoul.pl\/en\/wp-json\/wp\/v2\/users\/3"}],"replies":[{"embeddable":true,"href":"https:\/\/brandsoul.pl\/en\/wp-json\/wp\/v2\/comments?post=4880"}],"version-history":[{"count":1,"href":"https:\/\/brandsoul.pl\/en\/wp-json\/wp\/v2\/posts\/4880\/revisions"}],"predecessor-version":[{"id":4882,"href":"https:\/\/brandsoul.pl\/en\/wp-json\/wp\/v2\/posts\/4880\/revisions\/4882"}],"wp:featuredmedia":[{"embeddable":true,"href":"https:\/\/brandsoul.pl\/en\/wp-json\/wp\/v2\/media\/4881"}],"wp:attachment":[{"href":"https:\/\/brandsoul.pl\/en\/wp-json\/wp\/v2\/media?parent=4880"}],"wp:term":[{"taxonomy":"category","embeddable":true,"href":"https:\/\/brandsoul.pl\/en\/wp-json\/wp\/v2\/categories?post=4880"},{"taxonomy":"post_tag","embeddable":true,"href":"https:\/\/brandsoul.pl\/en\/wp-json\/wp\/v2\/tags?post=4880"}],"curies":[{"name":"wp","href":"https:\/\/api.w.org\/{rel}","templated":true}]}}